{"id":428,"date":"2012-03-09T17:23:03","date_gmt":"2012-03-09T17:23:03","guid":{"rendered":"https:\/\/basurama.org\/rus\/?p=428"},"modified":"2012-03-09T17:35:26","modified_gmt":"2012-03-09T17:35:26","slug":"3-presentacion-apropiacion-espacio-publico","status":"publish","type":"post","link":"https:\/\/archive.basurama.org\/rus\/2012\/03\/09\/3-presentacion-apropiacion-espacio-publico\/","title":{"rendered":"3\u00aa Presentaci\u00f3n: El espacio p\u00fablico. Apropiaci\u00f3n y reutilizaci\u00f3n. Club de Debates Urbanos. Madrid"},"content":{"rendered":"<p><iframe loading=\"lazy\" width=\"480\" height=\"360\" src=\"http:\/\/www.youtube.com\/embed\/WupOCfDpSYg\" frameborder=\"0\" allowfullscreen><\/iframe><br \/>\nMartes 28 de febrero, 19:30h.<br \/>\nClub de Debates Urbanos<br \/>\nC\u00edrculo de Bellas Artes de Madrid.\u00a0C\/ Alcal\u00e1, 42. Madrid<\/p>\n<blockquote><p>Presentaci\u00f3n en el\u00a0<a href=\"http:\/\/www.clubdebatesurbanos.org\/\">Club de Debates Urbanos<\/a> en el C\u00edrculo de Bellas Artes. En esta ocasi\u00f3n el debate girar\u00e1 en torno al \u00a0<a href=\"https:\/\/basurama.org\/rus\/capitulo\/reflexiones-transversales\/el-espacio-publico-apropiacion-y-reutilizacion\/\">El espacio p\u00fablico. Apropiaci\u00f3n y reutilizaci\u00f3n<\/a> y compartiremos la mesa con Ram\u00f3n L\u00f3pez de Lucio,\u00a0<a href=\"http:\/\/www.todoporlapraxis.es\/\">Todo por la praxis<\/a> y<a href=\"http:\/\/www.arteyaparte.es\/\">Arte y aparte<\/a>.<\/p><\/blockquote>\n<p><a href=\"http:\/\/www.clubdebatesurbanos.org\/2012\/02\/presentacion-del-libro-rus-residuos.html\">M\u00e1s informaci\u00f3n<\/a>.<\/p>\n<p>V\u00eddeo realizado por <a href=\"http:\/\/www.paisajetransversal.org\/2012\/03\/debatesurbanos-video-de-la-presentacion.html\">Paisaje Transversal<\/a>.<\/p>\n","protected":false},"excerpt":{"rendered":"<p>Martes 28 de febrero, 19:30h. Club de Debates Urbanos C\u00edrculo de Bellas Artes de Madrid.\u00a0C\/ Alcal\u00e1, 42. Madrid Presentaci\u00f3n en el\u00a0Club de Debates Urbanos en el C\u00edrculo de Bellas Artes. En esta ocasi\u00f3n el debate girar\u00e1 en torno al \u00a0El espacio p\u00fablico. Apropiaci\u00f3n y reutilizaci\u00f3n y compartiremos la mesa con Ram\u00f3n L\u00f3pez de Lucio,\u00a0Todo por [&hellip;]<\/p>\n","protected":false},"author":1,"featured_media":0,"comment_status":"open","ping_status":"open","sticky":false,"template":"","format":"standard","meta":{"footnotes":""},"categories":[1],"tags":[],"class_list":["post-428","post","type-post","status-publish","format-standard","hentry","category-sin-categoria"],"_links":{"self":[{"href":"https:\/\/archive.basurama.org\/rus\/wp-json\/wp\/v2\/posts\/428","targetHints":{"allow":["GET"]}}],"collection":[{"href":"https:\/\/archive.basurama.org\/rus\/wp-json\/wp\/v2\/posts"}],"about":[{"href":"https:\/\/archive.basurama.org\/rus\/wp-json\/wp\/v2\/types\/post"}],"author":[{"embeddable":true,"href":"https:\/\/archive.basurama.org\/rus\/wp-json\/wp\/v2\/users\/1"}],"replies":[{"embeddable":true,"href":"https:\/\/archive.basurama.org\/rus\/wp-json\/wp\/v2\/comments?post=428"}],"version-history":[{"count":5,"href":"https:\/\/archive.basurama.org\/rus\/wp-json\/wp\/v2\/posts\/428\/revisions"}],"predecessor-version":[{"id":445,"href":"https:\/\/archive.basurama.org\/rus\/wp-json\/wp\/v2\/posts\/428\/revisions\/445"}],"wp:attachment":[{"href":"https:\/\/archive.basurama.org\/rus\/wp-json\/wp\/v2\/media?parent=428"}],"wp:term":[{"taxonomy":"category","embeddable":true,"href":"https:\/\/archive.basurama.org\/rus\/wp-json\/wp\/v2\/categories?post=428"},{"taxonomy":"post_tag","embeddable":true,"href":"https:\/\/archive.basurama.org\/rus\/wp-json\/wp\/v2\/tags?post=428"}],"curies":[{"name":"wp","href":"https:\/\/api.w.org\/{rel}","templated":true}]}}